{"id":11860,"date":"2025-02-17T09:57:41","date_gmt":"2025-02-17T09:57:41","guid":{"rendered":"https:\/\/grupodayhe.es\/?p=11860"},"modified":"2025-02-19T07:37:30","modified_gmt":"2025-02-19T07:37:30","slug":"desembarco-de-dayhe-en-el-principado-de-asturias","status":"publish","type":"post","link":"https:\/\/grupodayhe.es\/en\/2025\/02\/17\/desembarco-de-dayhe-en-el-principado-de-asturias\/","title":{"rendered":"Desembarco de Dayhe en el Principado de Asturias"},"content":{"rendered":"<div data-elementor-type=\"wp-post\" data-elementor-id=\"11860\" class=\"elementor elementor-11860\" data-elementor-settings=\"[]\">\n\t\t\t\t\t\t<div class=\"elementor-inner\">\n\t\t\t\t\t\t\t<div class=\"elementor-section-wrap\">\n\t\t\t\t\t\t\t<section class=\"elementor-section elementor-top-section elementor-element elementor-element-7876de3 elementor-section-boxed elementor-section-height-default elementor-section-height-default\" data-id=\"7876de3\" data-element_type=\"section\">\n\t\t\t\t\t\t<div class=\"elementor-container elementor-column-gap-default\">\n\t\t\t\t\t\t\t<div class=\"elementor-row\">\n\t\t\t\t\t<div class=\"elementor-column elementor-col-100 elementor-top-column elementor-element elementor-element-fb0f7a0\" data-id=\"fb0f7a0\" data-element_type=\"column\">\n\t\t\t<div class=\"elementor-column-wrap elementor-element-populated\">\n\t\t\t\t\t\t\t<div class=\"elementor-widget-wrap\">\n\t\t\t\t\t\t<div class=\"elementor-element elementor-element-5f19ffc elementor-widget elementor-widget-image\" data-id=\"5f19ffc\" data-element_type=\"widget\" data-widget_type=\"image.default\">\n\t\t\t\t<div class=\"elementor-widget-container\">\n\t\t\t\t\t\t\t\t<div class=\"elementor-image\">\n\t\t\t\t\t\t\t\t\t<figure class=\"wp-caption\">\n\t\t\t\t\t\t\t\t\t\t\t<a href=\"https:\/\/www.linkedin.com\/company\/grupo-dayhe-development-&#038;-investment-sl\/posts\/?feedView=all\">\n\t\t\t\t\t\t\t<img width=\"800\" height=\"450\" src=\"https:\/\/grupodayhe.es\/wp-content\/uploads\/2025\/02\/1738323774790.jpeg\" class=\"attachment-full size-full\" alt=\"dayhe asturias\" loading=\"lazy\" srcset=\"https:\/\/grupodayhe.es\/wp-content\/uploads\/2025\/02\/1738323774790.jpeg 800w, https:\/\/grupodayhe.es\/wp-content\/uploads\/2025\/02\/1738323774790-300x169.jpeg 300w, https:\/\/grupodayhe.es\/wp-content\/uploads\/2025\/02\/1738323774790-768x432.jpeg 768w, https:\/\/grupodayhe.es\/wp-content\/uploads\/2025\/02\/1738323774790-18x10.jpeg 18w, https:\/\/grupodayhe.es\/wp-content\/uploads\/2025\/02\/1738323774790-150x85.jpeg 150w, https:\/\/grupodayhe.es\/wp-content\/uploads\/2025\/02\/1738323774790-600x338.jpeg 600w\" sizes=\"(max-width: 800px) 100vw, 800px\" \/>\t\t\t\t\t\t\t\t<\/a>\n\t\t\t\t\t\t\t\t\t\t\t<figcaption class=\"widget-image-caption wp-caption-text\"><\/figcaption>\n\t\t\t\t\t\t\t\t\t\t<\/figure>\n\t\t\t\t\t\t\t\t<\/div>\n\t\t\t\t\t\t<\/div>\n\t\t\t\t<\/div>\n\t\t\t\t<div class=\"elementor-element elementor-element-ab8adba elementor-widget elementor-widget-text-editor\" data-id=\"ab8adba\" data-element_type=\"widget\" data-widget_type=\"text-editor.default\">\n\t\t\t\t<div class=\"elementor-widget-container\">\n\t\t\t\t\t\t\t\t<div class=\"elementor-text-editor elementor-clearfix\">\n\t\t\t\t<p>\ud83d\udce2\u00a0Nos encanta poder anunciar que la Consejer\u00eda de Transici\u00f3n Ecol\u00f3gica, Industria y Desarrollo Econ\u00f3mico del Gobierno del Principado de Asturias ha contratado a Grupo Dayhe para la redacci\u00f3n de dos proyectos de saneamiento esenciales para la regi\u00f3n.<br \/><br \/>\ud83d\udd39 Proyecto 1: Dise\u00f1o de la red de saneamiento en el n\u00facleo de Cadavedo (Vald\u00e9s) y acondicionamiento de la EDAR existente. <br \/>\ud83d\udd39 Proyecto 2: Red de saneamiento para los n\u00facleos de Fuejo, El Llau y La Vallina (Grado).<br \/><br \/>Estos proyectos son fundamentales para mejorar la calidad de vida de los habitantes de estas \u00e1reas y contribuir al desarrollo sostenible de Asturias. \ud83c\udfde\ufe0f<br \/>Los contratos tendr\u00e1n una duraci\u00f3n de 3 y 5 meses, respectivamente, y nuestro equipo est\u00e1 listo para aportar su experiencia y compromiso con la excelencia.\u00a0<\/p><p>Un gran trabajo de nuestra compa\u00f1era <a id=\"ember2350\" class=\"ember-view\" href=\"https:\/\/www.linkedin.com\/in\/bel%C3%A9n-orts-forte-2533b552\/\">Bel\u00e9n Orts Forte<\/a> y su equipo. <br \/><br \/>\ud83c\udf0d Grupo Dayhe, comprometido con la sostenibilidad y el desarrollo de infraestructuras para el bienestar de la comunidad \ud83c\udf31<br \/><br \/>\u00a1Seguimos trabajando para hacer de Asturias un lugar m\u00e1s sostenible y pr\u00f3spero! \ud83c\udf31<br \/><br \/><br \/><a class=\"CQQIoigTNjZggqjzffxuaJIOPtoBFBVeCw\" href=\"https:\/\/www.linkedin.com\/search\/results\/all\/?keywords=%23sostenibilidad&amp;origin=HASH_TAG_FROM_FEED\" data-test-app-aware-link=\"\"><span class=\"visually-hidden\">hashtag<\/span><span aria-hidden=\"true\">#<\/span>Sostenibilidad<\/a> <a class=\"CQQIoigTNjZggqjzffxuaJIOPtoBFBVeCw\" href=\"https:\/\/www.linkedin.com\/search\/results\/all\/?keywords=%23infraestructuras&amp;origin=HASH_TAG_FROM_FEED\" data-test-app-aware-link=\"\"><span class=\"visually-hidden\">hashtag<\/span><span aria-hidden=\"true\">#<\/span>Infraestructuras<\/a> <a class=\"CQQIoigTNjZggqjzffxuaJIOPtoBFBVeCw\" href=\"https:\/\/www.linkedin.com\/search\/results\/all\/?keywords=%23grupodayhe&amp;origin=HASH_TAG_FROM_FEED\" data-test-app-aware-link=\"\"><span class=\"visually-hidden\">hashtag<\/span><span aria-hidden=\"true\">#<\/span>GrupoDayhe<\/a> <a class=\"CQQIoigTNjZggqjzffxuaJIOPtoBFBVeCw\" href=\"https:\/\/www.linkedin.com\/search\/results\/all\/?keywords=%23asturias&amp;origin=HASH_TAG_FROM_FEED\" data-test-app-aware-link=\"\"><span class=\"visually-hidden\">hashtag<\/span><span aria-hidden=\"true\">#<\/span>Asturias<\/a> <a class=\"CQQIoigTNjZggqjzffxuaJIOPtoBFBVeCw\" href=\"https:\/\/www.linkedin.com\/search\/results\/all\/?keywords=%23transici%C3%B3necol%C3%B3gica&amp;origin=HASH_TAG_FROM_FEED\" data-test-app-aware-link=\"\"><span class=\"visually-hidden\">hashtag<\/span><span aria-hidden=\"true\">#<\/span>Transici\u00f3nEcol\u00f3gica<\/a> <a class=\"CQQIoigTNjZggqjzffxuaJIOPtoBFBVeCw\" href=\"https:\/\/www.linkedin.com\/search\/results\/all\/?keywords=%23proyectos&amp;origin=HASH_TAG_FROM_FEED\" data-test-app-aware-link=\"\"><span class=\"visually-hidden\">hashtag<\/span><span aria-hidden=\"true\">#<\/span>Projects<\/a> <a class=\"CQQIoigTNjZggqjzffxuaJIOPtoBFBVeCw\" href=\"https:\/\/www.linkedin.com\/search\/results\/all\/?keywords=%23saneamiento&amp;origin=HASH_TAG_FROM_FEED\" data-test-app-aware-link=\"\"><span class=\"visually-hidden\">hashtag<\/span><span aria-hidden=\"true\">#<\/span>Saneamiento<\/a> <a class=\"CQQIoigTNjZggqjzffxuaJIOPtoBFBVeCw\" href=\"https:\/\/www.linkedin.com\/search\/results\/all\/?keywords=%23desarrolloecon%C3%B3mico&amp;origin=HASH_TAG_FROM_FEED\" data-test-app-aware-link=\"\"><span class=\"visually-hidden\">hashtag<\/span><span aria-hidden=\"true\">#<\/span>DesarrolloEcon\u00f3mico<\/a><\/p>\t\t\t\t\t<\/div>\n\t\t\t\t\t\t<\/div>\n\t\t\t\t<\/div>\n\t\t\t\t\t\t<\/div>\n\t\t\t\t\t<\/div>\n\t\t<\/div>\n\t\t\t\t\t\t\t\t<\/div>\n\t\t\t\t\t<\/div>\n\t\t<\/section>\n\t\t\t\t<section class=\"elementor-section elementor-top-section elementor-element elementor-element-ab2f7b4 elementor-section-boxed elementor-section-height-default elementor-section-height-default\" data-id=\"ab2f7b4\" data-element_type=\"section\">\n\t\t\t\t\t\t<div class=\"elementor-container elementor-column-gap-default\">\n\t\t\t\t\t\t\t<div class=\"elementor-row\">\n\t\t\t\t\t<div class=\"elementor-column elementor-col-100 elementor-top-column elementor-element elementor-element-076bb82\" data-id=\"076bb82\" data-element_type=\"column\">\n\t\t\t<div class=\"elementor-column-wrap\">\n\t\t\t\t\t\t\t<div class=\"elementor-widget-wrap\">\n\t\t\t\t\t\t\t\t<\/div>\n\t\t\t\t\t<\/div>\n\t\t<\/div>\n\t\t\t\t\t\t\t\t<\/div>\n\t\t\t\t\t<\/div>\n\t\t<\/section>\n\t\t\t\t\t\t<\/div>\n\t\t\t\t\t\t<\/div>\n\t\t\t\t\t<\/div>","protected":false},"excerpt":{"rendered":"<p>\ud83d\udce2\u00a0Nos encanta poder anunciar que la Consejer\u00eda de Transici\u00f3n Ecol\u00f3gica, Industria y Desarrollo Econ\u00f3mico del Gobierno del Principado de Asturias ha contratado a Grupo Dayhe para la redacci\u00f3n de dos proyectos de saneamiento esenciales para la regi\u00f3n. \ud83d\udd39 Proyecto 1: Dise\u00f1o de la red de saneamiento en el n\u00facleo de Cadavedo (Vald\u00e9s) y acondicionamiento de [&hellip;]<\/p>","protected":false},"author":3,"featured_media":0,"comment_status":"open","ping_status":"open","sticky":false,"template":"","format":"standard","meta":[],"categories":[1],"tags":[],"yoast_head":"<!-- This site is optimized with the Yoast SEO plugin v15.4 - https:\/\/yoast.com\/wordpress\/plugins\/seo\/ -->\n<title>Desembarco de Dayhe en el Principado de Asturias | Grupo Dayhe S.L.<\/title>\n<meta name=\"robots\" content=\"index, follow, max-snippet:-1, max-image-preview:large, max-video-preview:-1\" \/>\n<link rel=\"canonical\" href=\"https:\/\/grupodayhe.es\/en\/2025\/02\/17\/desembarco-de-dayhe-en-el-principado-de-asturias\/\" \/>\n<meta property=\"og:locale\" content=\"en_GB\" \/>\n<meta property=\"og:type\" content=\"article\" \/>\n<meta property=\"og:title\" content=\"Desembarco de Dayhe en el Principado de Asturias | Grupo Dayhe S.L.\" \/>\n<meta property=\"og:description\" content=\"\ud83d\udce2\u00a0Nos encanta poder anunciar que la Consejer\u00eda de Transici\u00f3n Ecol\u00f3gica, Industria y Desarrollo Econ\u00f3mico del Gobierno del Principado de Asturias ha contratado a Grupo Dayhe para la redacci\u00f3n de dos proyectos de saneamiento esenciales para la regi\u00f3n. \ud83d\udd39 Proyecto 1: Dise\u00f1o de la red de saneamiento en el n\u00facleo de Cadavedo (Vald\u00e9s) y acondicionamiento de [&hellip;]\" \/>\n<meta property=\"og:url\" content=\"https:\/\/grupodayhe.es\/en\/2025\/02\/17\/desembarco-de-dayhe-en-el-principado-de-asturias\/\" \/>\n<meta property=\"og:site_name\" content=\"Grupo Dayhe S.L.\" \/>\n<meta property=\"article:published_time\" content=\"2025-02-17T09:57:41+00:00\" \/>\n<meta property=\"article:modified_time\" content=\"2025-02-19T07:37:30+00:00\" \/>\n<meta property=\"og:image\" content=\"https:\/\/grupodayhe.es\/wp-content\/uploads\/2025\/02\/1738323774790.jpeg\" \/>\n<meta name=\"twitter:card\" content=\"summary_large_image\" \/>\n<meta name=\"twitter:label1\" content=\"Written by\">\n\t<meta name=\"twitter:data1\" content=\"Dayhe\">\n\t<meta name=\"twitter:label2\" content=\"Estimated reading time\">\n\t<meta name=\"twitter:data2\" content=\"1 minute\">\n<script type=\"application\/ld+json\" class=\"yoast-schema-graph\">{\"@context\":\"https:\/\/schema.org\",\"@graph\":[{\"@type\":\"WebSite\",\"@id\":\"https:\/\/grupodayhe.es\/#website\",\"url\":\"https:\/\/grupodayhe.es\/\",\"name\":\"Grupo Dayhe S.L.\",\"description\":\"Estudio ingenier\\u00eda en Valencia\",\"potentialAction\":[{\"@type\":\"SearchAction\",\"target\":\"https:\/\/grupodayhe.es\/?s={search_term_string}\",\"query-input\":\"required name=search_term_string\"}],\"inLanguage\":\"en-GB\"},{\"@type\":\"ImageObject\",\"@id\":\"https:\/\/grupodayhe.es\/2025\/02\/17\/desembarco-de-dayhe-en-el-principado-de-asturias\/#primaryimage\",\"inLanguage\":\"en-GB\",\"url\":\"https:\/\/grupodayhe.es\/wp-content\/uploads\/2025\/02\/1738323774790.jpeg\",\"width\":800,\"height\":450,\"caption\":\"dayhe asturias\"},{\"@type\":\"WebPage\",\"@id\":\"https:\/\/grupodayhe.es\/2025\/02\/17\/desembarco-de-dayhe-en-el-principado-de-asturias\/#webpage\",\"url\":\"https:\/\/grupodayhe.es\/2025\/02\/17\/desembarco-de-dayhe-en-el-principado-de-asturias\/\",\"name\":\"Desembarco de Dayhe en el Principado de Asturias | Grupo Dayhe S.L.\",\"isPartOf\":{\"@id\":\"https:\/\/grupodayhe.es\/#website\"},\"primaryImageOfPage\":{\"@id\":\"https:\/\/grupodayhe.es\/2025\/02\/17\/desembarco-de-dayhe-en-el-principado-de-asturias\/#primaryimage\"},\"datePublished\":\"2025-02-17T09:57:41+00:00\",\"dateModified\":\"2025-02-19T07:37:30+00:00\",\"author\":{\"@id\":\"https:\/\/grupodayhe.es\/#\/schema\/person\/5a0e0bc8d4cf21d291849708c6842526\"},\"inLanguage\":\"en-GB\",\"potentialAction\":[{\"@type\":\"ReadAction\",\"target\":[\"https:\/\/grupodayhe.es\/2025\/02\/17\/desembarco-de-dayhe-en-el-principado-de-asturias\/\"]}]},{\"@type\":\"Person\",\"@id\":\"https:\/\/grupodayhe.es\/#\/schema\/person\/5a0e0bc8d4cf21d291849708c6842526\",\"name\":\"Dayhe\",\"image\":{\"@type\":\"ImageObject\",\"@id\":\"https:\/\/grupodayhe.es\/#personlogo\",\"inLanguage\":\"en-GB\",\"url\":\"https:\/\/secure.gravatar.com\/avatar\/3810a535435d0e5ccddeffe82cadcc70?s=96&d=mm&r=g\",\"caption\":\"Dayhe\"}}]}<\/script>\n<!-- \/ Yoast SEO plugin. -->","_links":{"self":[{"href":"https:\/\/grupodayhe.es\/en\/wp-json\/wp\/v2\/posts\/11860"}],"collection":[{"href":"https:\/\/grupodayhe.es\/en\/wp-json\/wp\/v2\/posts"}],"about":[{"href":"https:\/\/grupodayhe.es\/en\/wp-json\/wp\/v2\/types\/post"}],"author":[{"embeddable":true,"href":"https:\/\/grupodayhe.es\/en\/wp-json\/wp\/v2\/users\/3"}],"replies":[{"embeddable":true,"href":"https:\/\/grupodayhe.es\/en\/wp-json\/wp\/v2\/comments?post=11860"}],"version-history":[{"count":22,"href":"https:\/\/grupodayhe.es\/en\/wp-json\/wp\/v2\/posts\/11860\/revisions"}],"predecessor-version":[{"id":11917,"href":"https:\/\/grupodayhe.es\/en\/wp-json\/wp\/v2\/posts\/11860\/revisions\/11917"}],"wp:attachment":[{"href":"https:\/\/grupodayhe.es\/en\/wp-json\/wp\/v2\/media?parent=11860"}],"wp:term":[{"taxonomy":"category","embeddable":true,"href":"https:\/\/grupodayhe.es\/en\/wp-json\/wp\/v2\/categories?post=11860"},{"taxonomy":"post_tag","embeddable":true,"href":"https:\/\/grupodayhe.es\/en\/wp-json\/wp\/v2\/tags?post=11860"}],"curies":[{"name":"wp","href":"https:\/\/api.w.org\/{rel}","templated":true}]}}