{"id":11721,"date":"2023-12-22T09:17:12","date_gmt":"2023-12-22T09:17:12","guid":{"rendered":"https:\/\/grupodayhe.es\/?p=11721"},"modified":"2023-12-22T09:17:14","modified_gmt":"2023-12-22T09:17:14","slug":"presentado-el-proyecto-de-urbanizacion-del-poligono-p-6-1-del-ar-6-de-reboredo-en-san-cibrao-das-vinas-ourense","status":"publish","type":"post","link":"https:\/\/grupodayhe.es\/en\/2023\/12\/22\/presentado-el-proyecto-de-urbanizacion-del-poligono-p-6-1-del-ar-6-de-reboredo-en-san-cibrao-das-vinas-ourense\/","title":{"rendered":"Presentado el Proyecto de urbanizaci\u00f3n del pol\u00edgono P 6.1 del AR-6 de Reboredo en San Cibrao das Vi\u00f1as (Ourense)"},"content":{"rendered":"<p>El pasado 24 de noviembre de 2023 se present\u00f3 la maqueta inicial del proyecto de urbanizaci\u00f3n del pol\u00edgono P 6.1 del \u00e1rea de reparto 6 de Reboredo, redactado por GRUPO DAYHE para el Concello de San Cibrao das Vi\u00f1as (Ourense).<\/p>\n\n\n\n<p>El proyecto se ha basado en las directrices establecidas en el Plan Especial de Infraestructuras y Dotaciones del pol\u00edgono P-6.1 de AR-6 en el n\u00facleo de Reboredo, aprobado definitivamente el 24 de septiembre de 2021; as\u00ed como en los criterios definidos por el Concello de San Cibrao das Vi\u00f1as.<\/p>\n\n\n\n<p>El \u00e1mbito de actuaci\u00f3n se ubica en el n\u00facleo urbano de Reboredo, entre la l\u00ednea de AVE Zamora-Ourense y el regato Reboredo, y tiene una superficie de 29.000 m<sup>2<\/sup> aproximadamente.<\/p>\n\n\n\n<p>El proyecto contempla la ejecuci\u00f3n de los viales necesarios para conectar la zona, en la que el Concello prev\u00e9 disponer entre otros, una residencia de la tercera edad, con el n\u00facleo urbano de Reboredo, as\u00ed como con la zona ubicada al otro lado del ferrocarril. Para ello, se ha dise\u00f1ado un paso superior sobre la l\u00ednea del AVE de 15 m de luz con 9 vigas prefabricadas de hormig\u00f3n doble T, sobre el que discurrir\u00e1n dos carriles para el tr\u00e1fico de veh\u00edculos y una acera para el tr\u00e1nsito de peatones.<\/p>\n\n\n\n<figure class=\"wp-block-image size-large\"><img loading=\"lazy\" width=\"1024\" height=\"577\" src=\"https:\/\/grupodayhe.es\/wp-content\/uploads\/2023\/12\/156481245465-1024x577.png\" alt=\"\" class=\"wp-image-11726\" srcset=\"https:\/\/grupodayhe.es\/wp-content\/uploads\/2023\/12\/156481245465-1024x577.png 1024w, https:\/\/grupodayhe.es\/wp-content\/uploads\/2023\/12\/156481245465-300x169.png 300w, https:\/\/grupodayhe.es\/wp-content\/uploads\/2023\/12\/156481245465-768x433.png 768w, https:\/\/grupodayhe.es\/wp-content\/uploads\/2023\/12\/156481245465-1536x865.png 1536w, https:\/\/grupodayhe.es\/wp-content\/uploads\/2023\/12\/156481245465-18x10.png 18w, https:\/\/grupodayhe.es\/wp-content\/uploads\/2023\/12\/156481245465-150x85.png 150w, https:\/\/grupodayhe.es\/wp-content\/uploads\/2023\/12\/156481245465-600x338.png 600w, https:\/\/grupodayhe.es\/wp-content\/uploads\/2023\/12\/156481245465.png 1800w\" sizes=\"(max-width: 1024px) 100vw, 1024px\" \/><\/figure>\n\n\n\n<p>Asimismo, uno de los objetivos prioritarios del proyecto es poner en valor la presencia del regato Reboredo, as\u00ed como todo su entorno, para lo cual se han dise\u00f1ado 7 zonas de estancia a lo largo de todo el \u00e1mbito, en las cuales se prev\u00e9 la disposici\u00f3n de diversos elementos para el uso y disfrute de todo tipo de usuarios. Se han previsto zonas de descanso, miradores al regato, zonas de juegos infantiles para los m\u00e1s peque\u00f1os, etc., todo ello conectado mediante un sendero peatonal, que discurre entre la cuantiosa vegetaci\u00f3n existente en la zona.<\/p>\n\n\n\n<p>El proyecto contempla tambi\u00e9n el dise\u00f1o de todas las instalaciones necesarias, tales como agua potable, saneamiento, gas, red el\u00e9ctrica, alumbrado y telecomunicaciones. Asimismo, todas las zonas de estancia y viales se han complementado con jardiner\u00eda aut\u00f3ctona.<\/p>\n\n\n\n<p>El presupuesto de ejecuci\u00f3n material de las obras del proyecto est\u00e1 entorno a los 2.000.000 \u20ac, de los cuales aproximadamente la mitad corresponden a la ejecuci\u00f3n de la estructura proyectada sobre la l\u00ednea de ferrocarril.<\/p>\n\n\n\n<p>La maqueta presentada queda a la espera de la aprobaci\u00f3n por los servicios t\u00e9cnicos municipales del Concello de San Cibrao das Vi\u00f1as, tras la cual se proceder\u00e1 a su exposici\u00f3n a informaci\u00f3n p\u00fablica.<\/p>","protected":false},"excerpt":{"rendered":"<p>El pasado 24 de noviembre de 2023 se present\u00f3 la maqueta inicial del proyecto de urbanizaci\u00f3n del pol\u00edgono P 6.1 del \u00e1rea de reparto 6 de Reboredo, redactado por GRUPO DAYHE para el Concello de San Cibrao das Vi\u00f1as (Ourense). El proyecto se ha basado en las directrices establecidas en el Plan Especial de Infraestructuras [&hellip;]<\/p>","protected":false},"author":5,"featured_media":11724,"comment_status":"open","ping_status":"open","sticky":false,"template":"","format":"standard","meta":[],"categories":[1],"tags":[],"yoast_head":"<!-- This site is optimized with the Yoast SEO plugin v15.4 - https:\/\/yoast.com\/wordpress\/plugins\/seo\/ -->\n<title>Presentado el Proyecto de urbanizaci\u00f3n del pol\u00edgono P 6.1 del AR-6 de Reboredo en San Cibrao das Vi\u00f1as (Ourense) | Grupo Dayhe S.L.<\/title>\n<meta name=\"robots\" content=\"index, follow, max-snippet:-1, max-image-preview:large, max-video-preview:-1\" \/>\n<link rel=\"canonical\" href=\"https:\/\/grupodayhe.es\/en\/2023\/12\/22\/presentado-el-proyecto-de-urbanizacion-del-poligono-p-6-1-del-ar-6-de-reboredo-en-san-cibrao-das-vinas-ourense\/\" \/>\n<meta property=\"og:locale\" content=\"en_GB\" \/>\n<meta property=\"og:type\" content=\"article\" \/>\n<meta property=\"og:title\" content=\"Presentado el Proyecto de urbanizaci\u00f3n del pol\u00edgono P 6.1 del AR-6 de Reboredo en San Cibrao das Vi\u00f1as (Ourense) | Grupo Dayhe S.L.\" \/>\n<meta property=\"og:description\" content=\"El pasado 24 de noviembre de 2023 se present\u00f3 la maqueta inicial del proyecto de urbanizaci\u00f3n del pol\u00edgono P 6.1 del \u00e1rea de reparto 6 de Reboredo, redactado por GRUPO DAYHE para el Concello de San Cibrao das Vi\u00f1as (Ourense). El proyecto se ha basado en las directrices establecidas en el Plan Especial de Infraestructuras [&hellip;]\" \/>\n<meta property=\"og:url\" content=\"https:\/\/grupodayhe.es\/en\/2023\/12\/22\/presentado-el-proyecto-de-urbanizacion-del-poligono-p-6-1-del-ar-6-de-reboredo-en-san-cibrao-das-vinas-ourense\/\" \/>\n<meta property=\"og:site_name\" content=\"Grupo Dayhe S.L.\" \/>\n<meta property=\"article:published_time\" content=\"2023-12-22T09:17:12+00:00\" \/>\n<meta property=\"article:modified_time\" content=\"2023-12-22T09:17:14+00:00\" \/>\n<meta property=\"og:image\" content=\"https:\/\/grupodayhe.es\/wp-content\/uploads\/2023\/12\/Imagen-2.jpg\" \/>\n\t<meta property=\"og:image:width\" content=\"1235\" \/>\n\t<meta property=\"og:image:height\" content=\"464\" \/>\n<meta name=\"twitter:card\" content=\"summary_large_image\" \/>\n<meta name=\"twitter:label1\" content=\"Written by\">\n\t<meta name=\"twitter:data1\" content=\"ADMINISTRACION\">\n\t<meta name=\"twitter:label2\" content=\"Estimated reading time\">\n\t<meta name=\"twitter:data2\" content=\"2 minutes\">\n<script type=\"application\/ld+json\" class=\"yoast-schema-graph\">{\"@context\":\"https:\/\/schema.org\",\"@graph\":[{\"@type\":\"WebSite\",\"@id\":\"https:\/\/grupodayhe.es\/#website\",\"url\":\"https:\/\/grupodayhe.es\/\",\"name\":\"Grupo Dayhe S.L.\",\"description\":\"Estudio ingenier\\u00eda en Valencia\",\"potentialAction\":[{\"@type\":\"SearchAction\",\"target\":\"https:\/\/grupodayhe.es\/?s={search_term_string}\",\"query-input\":\"required name=search_term_string\"}],\"inLanguage\":\"en-GB\"},{\"@type\":\"ImageObject\",\"@id\":\"https:\/\/grupodayhe.es\/2023\/12\/22\/presentado-el-proyecto-de-urbanizacion-del-poligono-p-6-1-del-ar-6-de-reboredo-en-san-cibrao-das-vinas-ourense\/#primaryimage\",\"inLanguage\":\"en-GB\",\"url\":\"https:\/\/grupodayhe.es\/wp-content\/uploads\/2023\/12\/Imagen-2.jpg\",\"width\":1235,\"height\":464},{\"@type\":\"WebPage\",\"@id\":\"https:\/\/grupodayhe.es\/2023\/12\/22\/presentado-el-proyecto-de-urbanizacion-del-poligono-p-6-1-del-ar-6-de-reboredo-en-san-cibrao-das-vinas-ourense\/#webpage\",\"url\":\"https:\/\/grupodayhe.es\/2023\/12\/22\/presentado-el-proyecto-de-urbanizacion-del-poligono-p-6-1-del-ar-6-de-reboredo-en-san-cibrao-das-vinas-ourense\/\",\"name\":\"Presentado el Proyecto de urbanizaci\\u00f3n del pol\\u00edgono P 6.1 del AR-6 de Reboredo en San Cibrao das Vi\\u00f1as (Ourense) | Grupo Dayhe S.L.\",\"isPartOf\":{\"@id\":\"https:\/\/grupodayhe.es\/#website\"},\"primaryImageOfPage\":{\"@id\":\"https:\/\/grupodayhe.es\/2023\/12\/22\/presentado-el-proyecto-de-urbanizacion-del-poligono-p-6-1-del-ar-6-de-reboredo-en-san-cibrao-das-vinas-ourense\/#primaryimage\"},\"datePublished\":\"2023-12-22T09:17:12+00:00\",\"dateModified\":\"2023-12-22T09:17:14+00:00\",\"author\":{\"@id\":\"https:\/\/grupodayhe.es\/#\/schema\/person\/a2e51afbeaa7cc7567de56521dc36e3e\"},\"inLanguage\":\"en-GB\",\"potentialAction\":[{\"@type\":\"ReadAction\",\"target\":[\"https:\/\/grupodayhe.es\/2023\/12\/22\/presentado-el-proyecto-de-urbanizacion-del-poligono-p-6-1-del-ar-6-de-reboredo-en-san-cibrao-das-vinas-ourense\/\"]}]},{\"@type\":\"Person\",\"@id\":\"https:\/\/grupodayhe.es\/#\/schema\/person\/a2e51afbeaa7cc7567de56521dc36e3e\",\"name\":\"ADMINISTRACION\",\"image\":{\"@type\":\"ImageObject\",\"@id\":\"https:\/\/grupodayhe.es\/#personlogo\",\"inLanguage\":\"en-GB\",\"url\":\"https:\/\/secure.gravatar.com\/avatar\/c035707f007e29bd5580b3454b2d9823?s=96&d=mm&r=g\",\"caption\":\"ADMINISTRACION\"}}]}<\/script>\n<!-- \/ Yoast SEO plugin. -->","_links":{"self":[{"href":"https:\/\/grupodayhe.es\/en\/wp-json\/wp\/v2\/posts\/11721"}],"collection":[{"href":"https:\/\/grupodayhe.es\/en\/wp-json\/wp\/v2\/posts"}],"about":[{"href":"https:\/\/grupodayhe.es\/en\/wp-json\/wp\/v2\/types\/post"}],"author":[{"embeddable":true,"href":"https:\/\/grupodayhe.es\/en\/wp-json\/wp\/v2\/users\/5"}],"replies":[{"embeddable":true,"href":"https:\/\/grupodayhe.es\/en\/wp-json\/wp\/v2\/comments?post=11721"}],"version-history":[{"count":2,"href":"https:\/\/grupodayhe.es\/en\/wp-json\/wp\/v2\/posts\/11721\/revisions"}],"predecessor-version":[{"id":11727,"href":"https:\/\/grupodayhe.es\/en\/wp-json\/wp\/v2\/posts\/11721\/revisions\/11727"}],"wp:featuredmedia":[{"embeddable":true,"href":"https:\/\/grupodayhe.es\/en\/wp-json\/wp\/v2\/media\/11724"}],"wp:attachment":[{"href":"https:\/\/grupodayhe.es\/en\/wp-json\/wp\/v2\/media?parent=11721"}],"wp:term":[{"taxonomy":"category","embeddable":true,"href":"https:\/\/grupodayhe.es\/en\/wp-json\/wp\/v2\/categories?post=11721"},{"taxonomy":"post_tag","embeddable":true,"href":"https:\/\/grupodayhe.es\/en\/wp-json\/wp\/v2\/tags?post=11721"}],"curies":[{"name":"wp","href":"https:\/\/api.w.org\/{rel}","templated":true}]}}