{"id":11711,"date":"2023-11-29T15:25:02","date_gmt":"2023-11-29T15:25:02","guid":{"rendered":"https:\/\/grupodayhe.es\/?p=11711"},"modified":"2023-11-29T15:33:53","modified_gmt":"2023-11-29T15:33:53","slug":"grupo-dayhe-inicia-la-participacion-publica-del-estudio-de-paisaje-dentro-del-pat-de-alto-mijares","status":"publish","type":"post","link":"https:\/\/grupodayhe.es\/en\/2023\/11\/29\/grupo-dayhe-inicia-la-participacion-publica-del-estudio-de-paisaje-dentro-del-pat-de-alto-mijares\/","title":{"rendered":"Grupo Dayhe inicia la participaci\u00f3n p\u00fablica del estudio de paisaje del PAT de Alto Mijares"},"content":{"rendered":"<p>Desde el pasado viernes, d\u00eda 24 de noviembre, Grupo Dayhe ha dado comienzo al Proceso de Participaci\u00f3n P\u00fablica que complementa el Estudio de Paisaje adscrito al PAT del Alto Mijares. Con este mecanismo de participaci\u00f3n ciudadana en marcha, todas las personas residentes (temporales y permanentes) con conocimientos base de las claves que definen el paisaje de la comarca pueden ya acceder al sistema de encuestas elaborado por nuestro equipo t\u00e9cnico.<\/p>\n\n\n\n<figure class=\"wp-block-image size-large\"><img loading=\"lazy\" width=\"1024\" height=\"577\" src=\"https:\/\/grupodayhe.es\/wp-content\/uploads\/2023\/11\/20231124_134853-1024x577.jpg\" alt=\"\" class=\"wp-image-11712\" srcset=\"https:\/\/grupodayhe.es\/wp-content\/uploads\/2023\/11\/20231124_134853-1024x577.jpg 1024w, https:\/\/grupodayhe.es\/wp-content\/uploads\/2023\/11\/20231124_134853-300x169.jpg 300w, https:\/\/grupodayhe.es\/wp-content\/uploads\/2023\/11\/20231124_134853-768x432.jpg 768w, https:\/\/grupodayhe.es\/wp-content\/uploads\/2023\/11\/20231124_134853-1536x865.jpg 1536w, https:\/\/grupodayhe.es\/wp-content\/uploads\/2023\/11\/20231124_134853-2048x1153.jpg 2048w, https:\/\/grupodayhe.es\/wp-content\/uploads\/2023\/11\/20231124_134853-18x10.jpg 18w, https:\/\/grupodayhe.es\/wp-content\/uploads\/2023\/11\/20231124_134853-150x85.jpg 150w, https:\/\/grupodayhe.es\/wp-content\/uploads\/2023\/11\/20231124_134853-1920x1080.jpg 1920w, https:\/\/grupodayhe.es\/wp-content\/uploads\/2023\/11\/20231124_134853-600x338.jpg 600w\" sizes=\"(max-width: 1024px) 100vw, 1024px\" \/><\/figure>\n\n\n\n<p>Este plan de participaci\u00f3n ha sido dise\u00f1ado de tal forma que los ciudadanos dispuestos a participar tendr\u00e1n a su disposici\u00f3n un total de 2 encuestas. La primera de ellas es com\u00fan a todos los municipios de la comarca, ya que engloba y aglutina de manera concisa y representativa todas las unidades de paisaje y tipos de recursos paisaj\u00edsticos que se puede uno encontrar en la comarca del Alto Mijares.<\/p>\n\n\n\n<p>Por otra parte, la segunda encuesta tiene un enfoque m\u00e1s local, ya que pregunta a la poblaci\u00f3n por su valoraci\u00f3n de elementos que dan personalidad al paisaje m\u00e1s local, como iglesias y ermitas, fortificaciones hist\u00f3ricas, fuentes, cuevas y cavidades, y un largo etc\u00e9tera. Los ciudadanos oriundos de cada uno de los 22 municipios dentro de la comarca, podr\u00e1n encontrar m\u00e1s abajo en este post el acceso a toda la serie de encuestas locales personalizadas.<\/p>\n\n\n\n<p>La valoraci\u00f3n ciudadana es un arma ciudadana tan potente como silenciosa, ya que esta obtiene una importancia equivalente a la del equipo t\u00e9cnico redactor a la hora de catalogar el paisaje de la zona. La principal motivaci\u00f3n que deber\u00eda movilizar a la poblaci\u00f3n a completar las encuestas son los beneficios inherentes a un Estudio cuya valoraci\u00f3n del paisaje final haya sido conformada contando con una alta participaci\u00f3n p\u00fablica.<\/p>\n\n\n\n<figure class=\"wp-block-image size-large\"><img loading=\"lazy\" width=\"1024\" height=\"577\" src=\"https:\/\/grupodayhe.es\/wp-content\/uploads\/2023\/11\/20231124_133256-1-1024x577.jpg\" alt=\"\" class=\"wp-image-11716\" srcset=\"https:\/\/grupodayhe.es\/wp-content\/uploads\/2023\/11\/20231124_133256-1-1024x577.jpg 1024w, https:\/\/grupodayhe.es\/wp-content\/uploads\/2023\/11\/20231124_133256-1-300x169.jpg 300w, https:\/\/grupodayhe.es\/wp-content\/uploads\/2023\/11\/20231124_133256-1-768x432.jpg 768w, https:\/\/grupodayhe.es\/wp-content\/uploads\/2023\/11\/20231124_133256-1-1536x865.jpg 1536w, https:\/\/grupodayhe.es\/wp-content\/uploads\/2023\/11\/20231124_133256-1-2048x1153.jpg 2048w, https:\/\/grupodayhe.es\/wp-content\/uploads\/2023\/11\/20231124_133256-1-18x10.jpg 18w, https:\/\/grupodayhe.es\/wp-content\/uploads\/2023\/11\/20231124_133256-1-150x85.jpg 150w, https:\/\/grupodayhe.es\/wp-content\/uploads\/2023\/11\/20231124_133256-1-1920x1080.jpg 1920w, https:\/\/grupodayhe.es\/wp-content\/uploads\/2023\/11\/20231124_133256-1-600x338.jpg 600w\" sizes=\"(max-width: 1024px) 100vw, 1024px\" \/><\/figure>\n\n\n\n<p>Entre muchos otros, estos son algunos de los efectos potenciales derivados de los que los habitantes del Alto Mijares se podr\u00edan beneficiar al responder en masa a las encuestas del Estudio de Paisaje:<\/p>\n\n\n\n<ul><li>Identificar y reconocer el valor natural\/cultural\/est\u00e9tico de su territorio. Mejorar la comprensi\u00f3n de la importancia del paisaje en su entorno.<\/li><li>Proteger y conservar aquellos elementos muy bien valorados por los ciudadanos. Preservar\u00e1n de esta forma paisajes atractivos que pueden contribuir al bienestar de la comunidad y al valor de la propiedad.<\/li><li>Influenciar de manera indirecta decisiones tomadas en la futura planificaci\u00f3n y desarrollo urbanos, y en la toma de decisiones sobre los usos del suelo.<\/li><li>Mejorar el turismo y la calidad de vida a trav\u00e9s de instaurar paisajes bien valorados y atractivos que puedan tener un impacto positivo en la econom\u00eda local y generar oportunidades de empleo.<\/li><li>Crear una identidad cultural y definir un patrimonio local que ayude a mantener vivas sus tradiciones y valores culturales.<\/li><\/ul>\n\n\n\n<p>Sabiendo todo esto, queda a vuestra disposici\u00f3n todas las encuestas que ya est\u00e1n en marcha y recogiendo respuestas cada d\u00eda.<\/p>\n\n\n\n<figure class=\"wp-block-table\"><table><tbody><tr><td class=\"has-text-align-center\" data-align=\"center\"><a href=\"https:\/\/forms.gle\/rtSr2z481Xn4g4TJ8\" target=\"_blank\" rel=\"noreferrer noopener\">Ara\u00f1uel<\/a><\/td><td class=\"has-text-align-center\" data-align=\"center\"><a href=\"https:\/\/forms.gle\/f7CHhHHLdoT9QGe59\" target=\"_blank\" rel=\"noreferrer noopener\">Argelita<\/a><\/td><td class=\"has-text-align-center\" data-align=\"center\"><a href=\"https:\/\/forms.gle\/pXhjytr6t99stLb16\" target=\"_blank\" rel=\"noreferrer noopener\">Ay\u00f3dar<\/a><\/td><td class=\"has-text-align-center\" data-align=\"center\"><a href=\"https:\/\/forms.gle\/Zzqcj1cV6easNDof8\" target=\"_blank\" rel=\"noreferrer noopener\">Castillo de Villamalefa<\/a><\/td><td class=\"has-text-align-center\" data-align=\"center\"><a href=\"https:\/\/forms.gle\/mYfLUmoaAupZmkWs8\" target=\"_blank\" rel=\"noreferrer noopener\">Cirat<\/a><\/td><td class=\"has-text-align-center\" data-align=\"center\"><a href=\"https:\/\/forms.gle\/x3Uk2okwkvVHP3Xv7\" target=\"_blank\" rel=\"noreferrer noopener\">Cortes de Arenoso<\/a><\/td><\/tr><tr><td class=\"has-text-align-center\" data-align=\"center\"><a href=\"https:\/\/forms.gle\/cxZYpLDvttL1m9wv6\" target=\"_blank\" rel=\"noreferrer noopener\">Espadilla<\/a><\/td><td class=\"has-text-align-center\" data-align=\"center\"><a href=\"https:\/\/forms.gle\/bxZkvhWSEf1bsXKSA\">Fa<\/a><a href=\"https:\/\/forms.gle\/bxZkvhWSEf1bsXKSA\" target=\"_blank\" rel=\"noreferrer noopener\">n<\/a><a href=\"https:\/\/forms.gle\/bxZkvhWSEf1bsXKSA\">zara<\/a><\/td><td class=\"has-text-align-center\" data-align=\"center\"><a href=\"https:\/\/forms.gle\/ajZQMwtiAqT5SZf7A\" target=\"_blank\" rel=\"noreferrer noopener\">Fuente de la Reina<\/a><\/td><td class=\"has-text-align-center\" data-align=\"center\"><a href=\"https:\/\/forms.gle\/VtidCEyMaf9naidXA\" target=\"_blank\" rel=\"noreferrer noopener\">Fuentes de Ay\u00f3dar<\/a><\/td><td class=\"has-text-align-center\" data-align=\"center\"><a href=\"https:\/\/forms.gle\/w7Cfde953b7RKfFT8\" target=\"_blank\" rel=\"noreferrer noopener\">Ludiente<\/a><\/td><td class=\"has-text-align-center\" data-align=\"center\"><a href=\"https:\/\/forms.gle\/vMTEw4hNTE1f32ar9\" target=\"_blank\" rel=\"noreferrer noopener\">Mont\u00e1n<\/a><\/td><\/tr><tr><td class=\"has-text-align-center\" data-align=\"center\"><a href=\"https:\/\/forms.gle\/FbDnJGkoaAtaM9Dc6\" target=\"_blank\" rel=\"noreferrer noopener\">Montanejos<\/a><\/td><td class=\"has-text-align-center\" data-align=\"center\"><a href=\"https:\/\/forms.gle\/by6xxUKbt7MVCcim8\" target=\"_blank\" rel=\"noreferrer noopener\">Puebla de Arenoso<\/a><\/td><td class=\"has-text-align-center\" data-align=\"center\"><a href=\"https:\/\/forms.gle\/G84NRyP35LZfEtKF7\" target=\"_blank\" rel=\"noreferrer noopener\">Toga<\/a><\/td><td class=\"has-text-align-center\" data-align=\"center\"><a href=\"https:\/\/forms.gle\/aNC2Vxm8Ts7AAzKu8\" target=\"_blank\" rel=\"noreferrer noopener\">Torralba del Pinar<\/a><\/td><td class=\"has-text-align-center\" data-align=\"center\"><a href=\"https:\/\/forms.gle\/7QTvmhLRgUrFHhfp9\" target=\"_blank\" rel=\"noreferrer noopener\">Torrechiva<\/a><\/td><td class=\"has-text-align-center\" data-align=\"center\"><a href=\"https:\/\/forms.gle\/J5hYiRZ5WoMFhsFn8\" target=\"_blank\" rel=\"noreferrer noopener\">Vallat<\/a><\/td><\/tr><tr><td class=\"has-text-align-center\" data-align=\"center\"><a href=\"https:\/\/forms.gle\/79aEaVaqYRvRFPsLA\" target=\"_blank\" rel=\"noreferrer noopener\">Villahermosa del R\u00edo<\/a><\/td><td class=\"has-text-align-center\" data-align=\"center\"><a href=\"https:\/\/forms.gle\/XfZDNMqA3pg8GrKR8\" target=\"_blank\" rel=\"noreferrer noopener\">Villamalur<\/a><\/td><td class=\"has-text-align-center\" data-align=\"center\"><a href=\"https:\/\/forms.gle\/CsTCPABcwoiw4Wnk8\" target=\"_blank\" rel=\"noreferrer noopener\">Villanueva de Viver<\/a><\/td><td class=\"has-text-align-center\" data-align=\"center\"><a href=\"https:\/\/forms.gle\/2z5TgCVMdGJYTF1T8\" target=\"_blank\" rel=\"noreferrer noopener\">Zucaina<\/a><\/td><td class=\"has-text-align-center\" data-align=\"center\"><a href=\"https:\/\/forms.gle\/J8pFECrJ6Zppiop86\" target=\"_blank\" rel=\"noreferrer noopener\">ENCUESTA COMARCAL<\/a><\/td><td class=\"has-text-align-center\" data-align=\"center\">&nbsp;<\/td><\/tr><\/tbody><\/table><\/figure>","protected":false},"excerpt":{"rendered":"<p>Desde el pasado viernes, d\u00eda 24 de noviembre, Grupo Dayhe ha dado comienzo al Proceso de Participaci\u00f3n P\u00fablica que complementa el Estudio de Paisaje adscrito al PAT del Alto Mijares. Con este mecanismo de participaci\u00f3n ciudadana en marcha, todas las personas residentes (temporales y permanentes) con conocimientos base de las claves que definen el paisaje [&hellip;]<\/p>","protected":false},"author":5,"featured_media":11715,"comment_status":"open","ping_status":"open","sticky":false,"template":"","format":"standard","meta":[],"categories":[1],"tags":[],"yoast_head":"<!-- This site is optimized with the Yoast SEO plugin v15.4 - https:\/\/yoast.com\/wordpress\/plugins\/seo\/ -->\n<title>Grupo Dayhe inicia la participaci\u00f3n p\u00fablica del estudio de paisaje del PAT de Alto Mijares | Grupo Dayhe S.L.<\/title>\n<meta name=\"robots\" content=\"index, follow, max-snippet:-1, max-image-preview:large, max-video-preview:-1\" \/>\n<link rel=\"canonical\" href=\"https:\/\/grupodayhe.es\/en\/2023\/11\/29\/grupo-dayhe-inicia-la-participacion-publica-del-estudio-de-paisaje-dentro-del-pat-de-alto-mijares\/\" \/>\n<meta property=\"og:locale\" content=\"en_GB\" \/>\n<meta property=\"og:type\" content=\"article\" \/>\n<meta property=\"og:title\" content=\"Grupo Dayhe inicia la participaci\u00f3n p\u00fablica del estudio de paisaje del PAT de Alto Mijares | Grupo Dayhe S.L.\" \/>\n<meta property=\"og:description\" content=\"Desde el pasado viernes, d\u00eda 24 de noviembre, Grupo Dayhe ha dado comienzo al Proceso de Participaci\u00f3n P\u00fablica que complementa el Estudio de Paisaje adscrito al PAT del Alto Mijares. Con este mecanismo de participaci\u00f3n ciudadana en marcha, todas las personas residentes (temporales y permanentes) con conocimientos base de las claves que definen el paisaje [&hellip;]\" \/>\n<meta property=\"og:url\" content=\"https:\/\/grupodayhe.es\/en\/2023\/11\/29\/grupo-dayhe-inicia-la-participacion-publica-del-estudio-de-paisaje-dentro-del-pat-de-alto-mijares\/\" \/>\n<meta property=\"og:site_name\" content=\"Grupo Dayhe S.L.\" \/>\n<meta property=\"article:published_time\" content=\"2023-11-29T15:25:02+00:00\" \/>\n<meta property=\"article:modified_time\" content=\"2023-11-29T15:33:53+00:00\" \/>\n<meta property=\"og:image\" content=\"https:\/\/grupodayhe.es\/wp-content\/uploads\/2023\/11\/20231124_133813-scaled.jpg\" \/>\n\t<meta property=\"og:image:width\" content=\"2560\" \/>\n\t<meta property=\"og:image:height\" content=\"1441\" \/>\n<meta name=\"twitter:card\" content=\"summary_large_image\" \/>\n<meta name=\"twitter:label1\" content=\"Written by\">\n\t<meta name=\"twitter:data1\" content=\"ADMINISTRACION\">\n\t<meta name=\"twitter:label2\" content=\"Estimated reading time\">\n\t<meta name=\"twitter:data2\" content=\"2 minutes\">\n<script type=\"application\/ld+json\" class=\"yoast-schema-graph\">{\"@context\":\"https:\/\/schema.org\",\"@graph\":[{\"@type\":\"WebSite\",\"@id\":\"https:\/\/grupodayhe.es\/#website\",\"url\":\"https:\/\/grupodayhe.es\/\",\"name\":\"Grupo Dayhe S.L.\",\"description\":\"Estudio ingenier\\u00eda en Valencia\",\"potentialAction\":[{\"@type\":\"SearchAction\",\"target\":\"https:\/\/grupodayhe.es\/?s={search_term_string}\",\"query-input\":\"required name=search_term_string\"}],\"inLanguage\":\"en-GB\"},{\"@type\":\"ImageObject\",\"@id\":\"https:\/\/grupodayhe.es\/2023\/11\/29\/grupo-dayhe-inicia-la-participacion-publica-del-estudio-de-paisaje-dentro-del-pat-de-alto-mijares\/#primaryimage\",\"inLanguage\":\"en-GB\",\"url\":\"https:\/\/grupodayhe.es\/wp-content\/uploads\/2023\/11\/20231124_133813-scaled.jpg\",\"width\":2560,\"height\":1441},{\"@type\":\"WebPage\",\"@id\":\"https:\/\/grupodayhe.es\/2023\/11\/29\/grupo-dayhe-inicia-la-participacion-publica-del-estudio-de-paisaje-dentro-del-pat-de-alto-mijares\/#webpage\",\"url\":\"https:\/\/grupodayhe.es\/2023\/11\/29\/grupo-dayhe-inicia-la-participacion-publica-del-estudio-de-paisaje-dentro-del-pat-de-alto-mijares\/\",\"name\":\"Grupo Dayhe inicia la participaci\\u00f3n p\\u00fablica del estudio de paisaje del PAT de Alto Mijares | Grupo Dayhe S.L.\",\"isPartOf\":{\"@id\":\"https:\/\/grupodayhe.es\/#website\"},\"primaryImageOfPage\":{\"@id\":\"https:\/\/grupodayhe.es\/2023\/11\/29\/grupo-dayhe-inicia-la-participacion-publica-del-estudio-de-paisaje-dentro-del-pat-de-alto-mijares\/#primaryimage\"},\"datePublished\":\"2023-11-29T15:25:02+00:00\",\"dateModified\":\"2023-11-29T15:33:53+00:00\",\"author\":{\"@id\":\"https:\/\/grupodayhe.es\/#\/schema\/person\/a2e51afbeaa7cc7567de56521dc36e3e\"},\"inLanguage\":\"en-GB\",\"potentialAction\":[{\"@type\":\"ReadAction\",\"target\":[\"https:\/\/grupodayhe.es\/2023\/11\/29\/grupo-dayhe-inicia-la-participacion-publica-del-estudio-de-paisaje-dentro-del-pat-de-alto-mijares\/\"]}]},{\"@type\":\"Person\",\"@id\":\"https:\/\/grupodayhe.es\/#\/schema\/person\/a2e51afbeaa7cc7567de56521dc36e3e\",\"name\":\"ADMINISTRACION\",\"image\":{\"@type\":\"ImageObject\",\"@id\":\"https:\/\/grupodayhe.es\/#personlogo\",\"inLanguage\":\"en-GB\",\"url\":\"https:\/\/secure.gravatar.com\/avatar\/c035707f007e29bd5580b3454b2d9823?s=96&d=mm&r=g\",\"caption\":\"ADMINISTRACION\"}}]}<\/script>\n<!-- \/ Yoast SEO plugin. -->","_links":{"self":[{"href":"https:\/\/grupodayhe.es\/en\/wp-json\/wp\/v2\/posts\/11711"}],"collection":[{"href":"https:\/\/grupodayhe.es\/en\/wp-json\/wp\/v2\/posts"}],"about":[{"href":"https:\/\/grupodayhe.es\/en\/wp-json\/wp\/v2\/types\/post"}],"author":[{"embeddable":true,"href":"https:\/\/grupodayhe.es\/en\/wp-json\/wp\/v2\/users\/5"}],"replies":[{"embeddable":true,"href":"https:\/\/grupodayhe.es\/en\/wp-json\/wp\/v2\/comments?post=11711"}],"version-history":[{"count":3,"href":"https:\/\/grupodayhe.es\/en\/wp-json\/wp\/v2\/posts\/11711\/revisions"}],"predecessor-version":[{"id":11719,"href":"https:\/\/grupodayhe.es\/en\/wp-json\/wp\/v2\/posts\/11711\/revisions\/11719"}],"wp:featuredmedia":[{"embeddable":true,"href":"https:\/\/grupodayhe.es\/en\/wp-json\/wp\/v2\/media\/11715"}],"wp:attachment":[{"href":"https:\/\/grupodayhe.es\/en\/wp-json\/wp\/v2\/media?parent=11711"}],"wp:term":[{"taxonomy":"category","embeddable":true,"href":"https:\/\/grupodayhe.es\/en\/wp-json\/wp\/v2\/categories?post=11711"},{"taxonomy":"post_tag","embeddable":true,"href":"https:\/\/grupodayhe.es\/en\/wp-json\/wp\/v2\/tags?post=11711"}],"curies":[{"name":"wp","href":"https:\/\/api.w.org\/{rel}","templated":true}]}}