{"id":11675,"date":"2023-09-13T13:23:38","date_gmt":"2023-09-13T13:23:38","guid":{"rendered":"https:\/\/grupodayhe.es\/?p=11675"},"modified":"2023-09-13T13:45:33","modified_gmt":"2023-09-13T13:45:33","slug":"expansion-internacional-grupo-dayhe-di-s-l-abre-nueva-sede-en-colombia","status":"publish","type":"post","link":"https:\/\/grupodayhe.es\/en\/2023\/09\/13\/expansion-internacional-grupo-dayhe-di-s-l-abre-nueva-sede-en-colombia\/","title":{"rendered":"Expansi\u00f3n Internacional: GRUPO DAYHE D&#038;I S.L. Abre Nueva Sede en Colombia"},"content":{"rendered":"<p>La expansi\u00f3n internacional es un paso emocionante en la vida de cualquier empresa, y GRUPO DAYHE D&amp;I S. L. no es la excepci\u00f3n. Hoy, estamos orgullosos de anunciar la apertura de la mercantil \u201cDA&amp;HE Urb. Colombia S. A. S.\u201d, nuestra filial, con sede en Medell\u00edn (Colombia), un movimiento estrat\u00e9gico que marca un hito importante en nuestra historia corporativa.<\/p>\n\n\n\n<p>Esta iniciativa surge tras la solicitud de algunos de nuestros clientes con proyectos actualmente en Colombia que nos han demandado nuestros servicios derivados de las sinergias de actividades que en los \u00faltimos a\u00f1os se han generado en este pa\u00eds.<\/p>\n\n\n\n<p>DA&amp;HE Urb. Colombia S. A. S. tiene su sede en Medell\u00edn y cuenta con un equipo t\u00e9cnico, jur\u00eddico y administrativo altamente cualificado, liderado por nuestra socia y directora general Lina Mar\u00eda Arias Alzate, lo que nos capacita para trabajar en todo el \u00e1mbito geogr\u00e1fico de Colombia, tanto en licitaciones p\u00fablicas, privadas y para fondos de inversi\u00f3n nacionales e internacionales, todo ello manteniendo los mismos sistemas de calidad y criterios de trabajo que emplea GRUPO DAYHE D&amp;I S. L. en Espa\u00f1a.<\/p>\n\n\n\n<p>DA&amp;HE Urb. Colombia S. A. S. se encuentran en la Calle 3 sur #43A-52, Of.1108, Ed. 43 Avenida en Medell\u00edn, la milla de oro de la ciudad de Botero.<\/p>\n\n\n\n<p>Sin duda, est\u00e1 empresa va a beneficiar a nuestros clientes en Latinoam\u00e9rica, d\u00e1ndoles cobertura en Colombia, en las disciplinas de Ordenaci\u00f3n del Territorio, Urbanismo, Ingenier\u00eda Civil, Ingenier\u00eda de Instalaciones y Arquitectura. Lo cual facilitar\u00e1 y reforzar\u00e1 nuestras relaciones comerciales.<\/p>\n\n\n\n<p>Para GRUPO DAYHE D&amp;I S. L. esta expansi\u00f3n en Colombia es el comienzo de la estrategia de crecimiento a largo plazo con futuras expansiones y abre la puerta a otros mercados internacionales.<\/p>\n\n\n\n<p>La apertura de una nueva sede en Colombia es un hito emocionante en la historia de GRUPO DAYHE D&amp;I S. L. Esta expansi\u00f3n representa un compromiso continuo con el crecimiento y la innovaci\u00f3n, as\u00ed como una oportunidad para contribuir positivamente a la comunidad local. Estamos ansiosos por el futuro y las oportunidades que esta nueva sede traer\u00e1 tanto para nuestra empresa como para Colombia.<\/p>","protected":false},"excerpt":{"rendered":"<p>La expansi\u00f3n internacional es un paso emocionante en la vida de cualquier empresa, y GRUPO DAYHE D&amp;I S. L. no es la excepci\u00f3n. Hoy, estamos orgullosos de anunciar la apertura de la mercantil \u201cDA&amp;HE Urb. Colombia S. A. S.\u201d, nuestra filial, con sede en Medell\u00edn (Colombia), un movimiento estrat\u00e9gico que marca un hito importante en [&hellip;]<\/p>","protected":false},"author":3,"featured_media":11679,"comment_status":"open","ping_status":"open","sticky":false,"template":"","format":"standard","meta":[],"categories":[36],"tags":[],"yoast_head":"<!-- This site is optimized with the Yoast SEO plugin v15.4 - https:\/\/yoast.com\/wordpress\/plugins\/seo\/ -->\n<title>Expansi\u00f3n Internacional: GRUPO DAYHE D&amp;I S.L. Abre Nueva Sede en Colombia | Grupo Dayhe S.L.<\/title>\n<meta name=\"robots\" content=\"index, follow, max-snippet:-1, max-image-preview:large, max-video-preview:-1\" \/>\n<link rel=\"canonical\" href=\"https:\/\/grupodayhe.es\/en\/2023\/09\/13\/expansion-internacional-grupo-dayhe-di-s-l-abre-nueva-sede-en-colombia\/\" \/>\n<meta property=\"og:locale\" content=\"en_GB\" \/>\n<meta property=\"og:type\" content=\"article\" \/>\n<meta property=\"og:title\" content=\"Expansi\u00f3n Internacional: GRUPO DAYHE D&amp;I S.L. Abre Nueva Sede en Colombia | Grupo Dayhe S.L.\" \/>\n<meta property=\"og:description\" content=\"La expansi\u00f3n internacional es un paso emocionante en la vida de cualquier empresa, y GRUPO DAYHE D&amp;I S. L. no es la excepci\u00f3n. Hoy, estamos orgullosos de anunciar la apertura de la mercantil \u201cDA&amp;HE Urb. Colombia S. A. S.\u201d, nuestra filial, con sede en Medell\u00edn (Colombia), un movimiento estrat\u00e9gico que marca un hito importante en [&hellip;]\" \/>\n<meta property=\"og:url\" content=\"https:\/\/grupodayhe.es\/en\/2023\/09\/13\/expansion-internacional-grupo-dayhe-di-s-l-abre-nueva-sede-en-colombia\/\" \/>\n<meta property=\"og:site_name\" content=\"Grupo Dayhe S.L.\" \/>\n<meta property=\"article:published_time\" content=\"2023-09-13T13:23:38+00:00\" \/>\n<meta property=\"article:modified_time\" content=\"2023-09-13T13:45:33+00:00\" \/>\n<meta property=\"og:image\" content=\"https:\/\/grupodayhe.es\/wp-content\/uploads\/2023\/09\/IMG-20230912-WA0041-e1694609977626.jpg\" \/>\n\t<meta property=\"og:image:width\" content=\"899\" \/>\n\t<meta property=\"og:image:height\" content=\"914\" \/>\n<meta name=\"twitter:card\" content=\"summary_large_image\" \/>\n<meta name=\"twitter:label1\" content=\"Written by\">\n\t<meta name=\"twitter:data1\" content=\"Dayhe\">\n\t<meta name=\"twitter:label2\" content=\"Estimated reading time\">\n\t<meta name=\"twitter:data2\" content=\"2 minutes\">\n<script type=\"application\/ld+json\" class=\"yoast-schema-graph\">{\"@context\":\"https:\/\/schema.org\",\"@graph\":[{\"@type\":\"WebSite\",\"@id\":\"https:\/\/grupodayhe.es\/#website\",\"url\":\"https:\/\/grupodayhe.es\/\",\"name\":\"Grupo Dayhe S.L.\",\"description\":\"Estudio ingenier\\u00eda en Valencia\",\"potentialAction\":[{\"@type\":\"SearchAction\",\"target\":\"https:\/\/grupodayhe.es\/?s={search_term_string}\",\"query-input\":\"required name=search_term_string\"}],\"inLanguage\":\"en-GB\"},{\"@type\":\"ImageObject\",\"@id\":\"https:\/\/grupodayhe.es\/2023\/09\/13\/expansion-internacional-grupo-dayhe-di-s-l-abre-nueva-sede-en-colombia\/#primaryimage\",\"inLanguage\":\"en-GB\",\"url\":\"https:\/\/grupodayhe.es\/wp-content\/uploads\/2023\/09\/IMG-20230912-WA0041-e1694609977626.jpg\",\"width\":899,\"height\":914},{\"@type\":\"WebPage\",\"@id\":\"https:\/\/grupodayhe.es\/2023\/09\/13\/expansion-internacional-grupo-dayhe-di-s-l-abre-nueva-sede-en-colombia\/#webpage\",\"url\":\"https:\/\/grupodayhe.es\/2023\/09\/13\/expansion-internacional-grupo-dayhe-di-s-l-abre-nueva-sede-en-colombia\/\",\"name\":\"Expansi\\u00f3n Internacional: GRUPO DAYHE D&I S.L. Abre Nueva Sede en Colombia | Grupo Dayhe S.L.\",\"isPartOf\":{\"@id\":\"https:\/\/grupodayhe.es\/#website\"},\"primaryImageOfPage\":{\"@id\":\"https:\/\/grupodayhe.es\/2023\/09\/13\/expansion-internacional-grupo-dayhe-di-s-l-abre-nueva-sede-en-colombia\/#primaryimage\"},\"datePublished\":\"2023-09-13T13:23:38+00:00\",\"dateModified\":\"2023-09-13T13:45:33+00:00\",\"author\":{\"@id\":\"https:\/\/grupodayhe.es\/#\/schema\/person\/5a0e0bc8d4cf21d291849708c6842526\"},\"inLanguage\":\"en-GB\",\"potentialAction\":[{\"@type\":\"ReadAction\",\"target\":[\"https:\/\/grupodayhe.es\/2023\/09\/13\/expansion-internacional-grupo-dayhe-di-s-l-abre-nueva-sede-en-colombia\/\"]}]},{\"@type\":\"Person\",\"@id\":\"https:\/\/grupodayhe.es\/#\/schema\/person\/5a0e0bc8d4cf21d291849708c6842526\",\"name\":\"Dayhe\",\"image\":{\"@type\":\"ImageObject\",\"@id\":\"https:\/\/grupodayhe.es\/#personlogo\",\"inLanguage\":\"en-GB\",\"url\":\"https:\/\/secure.gravatar.com\/avatar\/3810a535435d0e5ccddeffe82cadcc70?s=96&d=mm&r=g\",\"caption\":\"Dayhe\"}}]}<\/script>\n<!-- \/ Yoast SEO plugin. -->","_links":{"self":[{"href":"https:\/\/grupodayhe.es\/en\/wp-json\/wp\/v2\/posts\/11675"}],"collection":[{"href":"https:\/\/grupodayhe.es\/en\/wp-json\/wp\/v2\/posts"}],"about":[{"href":"https:\/\/grupodayhe.es\/en\/wp-json\/wp\/v2\/types\/post"}],"author":[{"embeddable":true,"href":"https:\/\/grupodayhe.es\/en\/wp-json\/wp\/v2\/users\/3"}],"replies":[{"embeddable":true,"href":"https:\/\/grupodayhe.es\/en\/wp-json\/wp\/v2\/comments?post=11675"}],"version-history":[{"count":6,"href":"https:\/\/grupodayhe.es\/en\/wp-json\/wp\/v2\/posts\/11675\/revisions"}],"predecessor-version":[{"id":11695,"href":"https:\/\/grupodayhe.es\/en\/wp-json\/wp\/v2\/posts\/11675\/revisions\/11695"}],"wp:featuredmedia":[{"embeddable":true,"href":"https:\/\/grupodayhe.es\/en\/wp-json\/wp\/v2\/media\/11679"}],"wp:attachment":[{"href":"https:\/\/grupodayhe.es\/en\/wp-json\/wp\/v2\/media?parent=11675"}],"wp:term":[{"taxonomy":"category","embeddable":true,"href":"https:\/\/grupodayhe.es\/en\/wp-json\/wp\/v2\/categories?post=11675"},{"taxonomy":"post_tag","embeddable":true,"href":"https:\/\/grupodayhe.es\/en\/wp-json\/wp\/v2\/tags?post=11675"}],"curies":[{"name":"wp","href":"https:\/\/api.w.org\/{rel}","templated":true}]}}